{"id":1098,"date":"2019-12-18T15:49:02","date_gmt":"2019-12-18T14:49:02","guid":{"rendered":"http:\/\/location-vernay.com\/wordpress\/?p=1098"},"modified":"2019-12-18T15:49:02","modified_gmt":"2019-12-18T14:49:02","slug":"cest-la-treve-hivernale","status":"publish","type":"post","link":"https:\/\/location-vernay.com\/wordpress\/cest-la-treve-hivernale\/","title":{"rendered":"C&rsquo;est la tr\u00eave hivernale"},"content":{"rendered":"\n<p><strong><code>AMIS CURISTES ET SKIEURS <\/code><\/strong><\/p>\n\n\n\n<p>L&rsquo;Etablissement Thermal d&rsquo;Uriage ferme ses portes du 16 d\u00e9cembre 2019 au 24 f\u00e9vrier 2020. Pour les cures, les r\u00e9servations 2020 ont d\u00e9j\u00e0 d\u00e9marr\u00e9. Ne tardez pas trop si vous souhaitez r\u00e9server un h\u00e9bergement en parall\u00e8le, les demandes sont nombreuses.<\/p>\n\n\n\n<p>Durant les mois de janvier et f\u00e9vrier, nous accueillons \u00e9galement nos amis skieurs  (Station Olympique de Chamrousse dans les Alpes Is\u00e8re \u00e0 20mn seulement du GITE LE CLOS FLEURI URIAGE). N&rsquo;h\u00e9sitez pas \u00e0 nous consulter. <\/p>\n\n\n\n<p>En attendant de vous accueillir, nous vous souhaitons de passer de bonnes f\u00eates de fin d&rsquo;ann\u00e9e.<\/p>\n\n\n\n<p>Anne-Marie et Patrick <\/p>\n\n\n\n<figure class=\"wp-block-image size-large\"><img fetchpriority=\"high\" decoding=\"async\" width=\"311\" height=\"162\" src=\"https:\/\/location-vernay.com\/wordpress\/wp-content\/uploads\/2019\/12\/image.jpeg\" alt=\"\" class=\"wp-image-1099\" srcset=\"https:\/\/location-vernay.com\/wordpress\/wp-content\/uploads\/2019\/12\/image.jpeg 311w, https:\/\/location-vernay.com\/wordpress\/wp-content\/uploads\/2019\/12\/image-300x156.jpeg 300w\" sizes=\"(max-width: 311px) 100vw, 311px\" \/><\/figure>\n\n\n\n<p><\/p>\n","protected":false},"excerpt":{"rendered":"<p>AMIS CURISTES ET SKIEURS L&rsquo;Etablissement Thermal d&rsquo;Uriage ferme ses portes du 16 d\u00e9cembre 2019 au 24 f\u00e9vrier 2020. Pour les cures, les r\u00e9servations 2020 ont d\u00e9j\u00e0 d\u00e9marr\u00e9. Ne tardez pas trop si vous souhaitez r\u00e9server un h\u00e9bergement en parall\u00e8le, les demandes sont nombreuses. Durant les mois de janvier et f\u00e9vrier, nous accueillons \u00e9galement nos amis&#8230; <\/p>\n<div class=\"link-more\"><a href=\"https:\/\/location-vernay.com\/wordpress\/cest-la-treve-hivernale\/\">En savoir plus<\/a><\/div>\n","protected":false},"author":1,"featured_media":0,"comment_status":"closed","ping_status":"open","sticky":false,"template":"","format":"standard","meta":{"ngg_post_thumbnail":0,"footnotes":""},"categories":[1],"tags":[],"class_list":["post-1098","post","type-post","status-publish","format-standard","hentry","category-non-classe"],"_links":{"self":[{"href":"https:\/\/location-vernay.com\/wordpress\/wp-json\/wp\/v2\/posts\/1098","targetHints":{"allow":["GET"]}}],"collection":[{"href":"https:\/\/location-vernay.com\/wordpress\/wp-json\/wp\/v2\/posts"}],"about":[{"href":"https:\/\/location-vernay.com\/wordpress\/wp-json\/wp\/v2\/types\/post"}],"author":[{"embeddable":true,"href":"https:\/\/location-vernay.com\/wordpress\/wp-json\/wp\/v2\/users\/1"}],"replies":[{"embeddable":true,"href":"https:\/\/location-vernay.com\/wordpress\/wp-json\/wp\/v2\/comments?post=1098"}],"version-history":[{"count":4,"href":"https:\/\/location-vernay.com\/wordpress\/wp-json\/wp\/v2\/posts\/1098\/revisions"}],"predecessor-version":[{"id":1103,"href":"https:\/\/location-vernay.com\/wordpress\/wp-json\/wp\/v2\/posts\/1098\/revisions\/1103"}],"wp:attachment":[{"href":"https:\/\/location-vernay.com\/wordpress\/wp-json\/wp\/v2\/media?parent=1098"}],"wp:term":[{"taxonomy":"category","embeddable":true,"href":"https:\/\/location-vernay.com\/wordpress\/wp-json\/wp\/v2\/categories?post=1098"},{"taxonomy":"post_tag","embeddable":true,"href":"https:\/\/location-vernay.com\/wordpress\/wp-json\/wp\/v2\/tags?post=1098"}],"curies":[{"name":"wp","href":"https:\/\/api.w.org\/{rel}","templated":true}]}}