{"id":710,"date":"2016-04-19T15:29:50","date_gmt":"2016-04-19T14:29:50","guid":{"rendered":"http:\/\/location-vernay.com\/wordpress\/?p=710"},"modified":"2016-04-19T15:29:50","modified_gmt":"2016-04-19T14:29:50","slug":"que-la-nature-est-belle","status":"publish","type":"post","link":"https:\/\/location-vernay.com\/wordpress\/que-la-nature-est-belle\/","title":{"rendered":"Que la nature est belle !"},"content":{"rendered":"<script>fsg_json['fsg_post_710'] = [\n{id: 709, image: 'https:\/\/location-vernay.com\/wordpress\/wp-content\/uploads\/2016\/04\/arc-en-ciel.jpg', extlink: '', thumb: 'https:\/\/location-vernay.com\/wordpress\/wp-content\/uploads\/2016\/04\/arc-en-ciel-150x150.jpg', permalink: '<div class=\"galleria-layeritem\"><a title=\"Permalink\" href=\"https:\/\/location-vernay.com\/wordpress\/que-la-nature-est-belle\/#709\"><div class=\"galleria-link-bookmark\"><\/div><\/a><\/div>', layer: '<div class=\"galleria-infolayer\"><div class=\"galleria-layeritem\" style=\"padding-right: 20px;\"><h1>arc en ciel<\/h1><p class=\\\"galleria-info-camera\\\">Apple iPad with iPad back camera 4.28mm f\/2.4 at 4mm and f\/2.4, 1\/775sec, ISO 50<\/p><\/div><div class=\"galleria-layeritem\"><a id=\"fsg_map_btn\" title=\"Open Map\" href=\"#\" onclick=\"open_map(45.137352777778,5.8251305555556);\"><div class=\"galleria-link-map\"><\/div><\/a><\/div><div class=\"galleria-layeritem\"><a title=\"Permalink\" href=\"https:\/\/location-vernay.com\/wordpress\/que-la-nature-est-belle\/#709\"><div class=\"galleria-link-bookmark\"><\/div><\/a><\/div><div class=\"galleria-layeritem\" style=\"padding-right: 20px;\"><\/div>'}\n];<\/script>\n<h2>Un bel arc en ciel pour saluer l&rsquo;arriv\u00e9e du Printemps<\/h2>\n<p>Il est temps de sortir des maisons et de reprendre nos activit\u00e9s de plein air.<\/p>\n<h3>Randonn\u00e9es , v\u00e9lo \u00e9lectrique, ou simples promenades \u00e0 pieds dans le magnifique Parc d&rsquo;Uriage et autour du village.<\/h3>\n<p>Nous appr\u00e9cions \u00e0 chaque instant les \u00e9volutions de la nature et ce paysage qui se transforme \u00e0 grande vitesse depuis l&rsquo;arriv\u00e9e du beau temps. Encore quelques jours, et les arbres auront compl\u00e8tement retrouv\u00e9 leur feuillage. L&rsquo;\u00e9t\u00e9 pourra alors s&rsquo;avancer.<\/p>\n<p>En attendant, voici le magnifique spectacle que nous avons pu apercevoir depuis nos fen\u00eatres cette semaine, apr\u00e8s un violent orage de gr\u00eale.<\/p>\n<h2>Arc en Ciel sur BELLEDONNE<\/h2>\n<p><a data-postid=\"fsg_post_710\" data-imgid=\"709\" href=\"https:\/\/location-vernay.com\/wordpress\/wp-content\/uploads\/2016\/04\/arc-en-ciel.jpg\"><img fetchpriority=\"high\" decoding=\"async\" class=\"size-full wp-image-709 aligncenter\" src=\"https:\/\/location-vernay.com\/wordpress\/wp-content\/uploads\/2016\/04\/arc-en-ciel.jpg\" alt=\"arc en ciel\" width=\"1895\" height=\"1927\" srcset=\"https:\/\/location-vernay.com\/wordpress\/wp-content\/uploads\/2016\/04\/arc-en-ciel.jpg 1895w, https:\/\/location-vernay.com\/wordpress\/wp-content\/uploads\/2016\/04\/arc-en-ciel-295x300.jpg 295w, https:\/\/location-vernay.com\/wordpress\/wp-content\/uploads\/2016\/04\/arc-en-ciel-768x781.jpg 768w, https:\/\/location-vernay.com\/wordpress\/wp-content\/uploads\/2016\/04\/arc-en-ciel-1007x1024.jpg 1007w\" sizes=\"(max-width: 1895px) 100vw, 1895px\" \/><\/a><\/p>\n","protected":false},"excerpt":{"rendered":"<p>Un bel arc en ciel pour saluer l&rsquo;arriv\u00e9e du Printemps Il est temps de sortir des maisons et de reprendre nos activit\u00e9s de plein air. Randonn\u00e9es , v\u00e9lo \u00e9lectrique, ou simples promenades \u00e0 pieds dans le magnifique Parc d&rsquo;Uriage et autour du village. Nous appr\u00e9cions \u00e0 chaque instant les \u00e9volutions de la nature et ce&#8230; <\/p>\n<div class=\"link-more\"><a href=\"https:\/\/location-vernay.com\/wordpress\/que-la-nature-est-belle\/\">En savoir plus<\/a><\/div>\n","protected":false},"author":1,"featured_media":0,"comment_status":"closed","ping_status":"open","sticky":false,"template":"","format":"standard","meta":{"ngg_post_thumbnail":0,"footnotes":""},"categories":[1],"tags":[],"class_list":["post-710","post","type-post","status-publish","format-standard","hentry","category-non-classe"],"_links":{"self":[{"href":"https:\/\/location-vernay.com\/wordpress\/wp-json\/wp\/v2\/posts\/710","targetHints":{"allow":["GET"]}}],"collection":[{"href":"https:\/\/location-vernay.com\/wordpress\/wp-json\/wp\/v2\/posts"}],"about":[{"href":"https:\/\/location-vernay.com\/wordpress\/wp-json\/wp\/v2\/types\/post"}],"author":[{"embeddable":true,"href":"https:\/\/location-vernay.com\/wordpress\/wp-json\/wp\/v2\/users\/1"}],"replies":[{"embeddable":true,"href":"https:\/\/location-vernay.com\/wordpress\/wp-json\/wp\/v2\/comments?post=710"}],"version-history":[{"count":1,"href":"https:\/\/location-vernay.com\/wordpress\/wp-json\/wp\/v2\/posts\/710\/revisions"}],"predecessor-version":[{"id":711,"href":"https:\/\/location-vernay.com\/wordpress\/wp-json\/wp\/v2\/posts\/710\/revisions\/711"}],"wp:attachment":[{"href":"https:\/\/location-vernay.com\/wordpress\/wp-json\/wp\/v2\/media?parent=710"}],"wp:term":[{"taxonomy":"category","embeddable":true,"href":"https:\/\/location-vernay.com\/wordpress\/wp-json\/wp\/v2\/categories?post=710"},{"taxonomy":"post_tag","embeddable":true,"href":"https:\/\/location-vernay.com\/wordpress\/wp-json\/wp\/v2\/tags?post=710"}],"curies":[{"name":"wp","href":"https:\/\/api.w.org\/{rel}","templated":true}]}}