{"id":967,"date":"2018-12-09T23:25:05","date_gmt":"2018-12-09T22:25:05","guid":{"rendered":"http:\/\/location-vernay.com\/wordpress\/?p=967"},"modified":"2018-12-09T23:25:05","modified_gmt":"2018-12-09T22:25:05","slug":"calendrier-des-cures-2019","status":"publish","type":"post","link":"https:\/\/location-vernay.com\/wordpress\/calendrier-des-cures-2019\/","title":{"rendered":"Calendrier des Cures 2019"},"content":{"rendered":"\n<p>L\u2019\u00c9tablissement Thermal vient de nous communiquer ses dates de cures pour la saison 2019 :<\/p>\n\n\n\n<p style=\"text-align:center\">Du lundi 25 f\u00e9vrier au samedi 14 d\u00e9cembre<\/p>\n\n\n\n<p>Ne tardez pas trop pour r\u00e9server votre h\u00e9bergement.<\/p>\n\n\n\n<p><br><\/p>\n","protected":false},"excerpt":{"rendered":"<p>L\u2019\u00c9tablissement Thermal vient de nous communiquer ses dates de cures pour la saison 2019 : Du lundi 25 f\u00e9vrier au samedi 14 d\u00e9cembre Ne tardez pas trop pour r\u00e9server votre h\u00e9bergement.<\/p>\n","protected":false},"author":1,"featured_media":0,"comment_status":"closed","ping_status":"open","sticky":false,"template":"","format":"standard","meta":{"ngg_post_thumbnail":0,"footnotes":""},"categories":[1],"tags":[],"class_list":["post-967","post","type-post","status-publish","format-standard","hentry","category-non-classe"],"_links":{"self":[{"href":"https:\/\/location-vernay.com\/wordpress\/wp-json\/wp\/v2\/posts\/967","targetHints":{"allow":["GET"]}}],"collection":[{"href":"https:\/\/location-vernay.com\/wordpress\/wp-json\/wp\/v2\/posts"}],"about":[{"href":"https:\/\/location-vernay.com\/wordpress\/wp-json\/wp\/v2\/types\/post"}],"author":[{"embeddable":true,"href":"https:\/\/location-vernay.com\/wordpress\/wp-json\/wp\/v2\/users\/1"}],"replies":[{"embeddable":true,"href":"https:\/\/location-vernay.com\/wordpress\/wp-json\/wp\/v2\/comments?post=967"}],"version-history":[{"count":1,"href":"https:\/\/location-vernay.com\/wordpress\/wp-json\/wp\/v2\/posts\/967\/revisions"}],"predecessor-version":[{"id":968,"href":"https:\/\/location-vernay.com\/wordpress\/wp-json\/wp\/v2\/posts\/967\/revisions\/968"}],"wp:attachment":[{"href":"https:\/\/location-vernay.com\/wordpress\/wp-json\/wp\/v2\/media?parent=967"}],"wp:term":[{"taxonomy":"category","embeddable":true,"href":"https:\/\/location-vernay.com\/wordpress\/wp-json\/wp\/v2\/categories?post=967"},{"taxonomy":"post_tag","embeddable":true,"href":"https:\/\/location-vernay.com\/wordpress\/wp-json\/wp\/v2\/tags?post=967"}],"curies":[{"name":"wp","href":"https:\/\/api.w.org\/{rel}","templated":true}]}}